{"id":145,"date":"2025-03-20T12:15:12","date_gmt":"2025-03-20T17:15:12","guid":{"rendered":"https:\/\/cl.artereciclada.com.br\/?p=145"},"modified":"2025-03-20T12:15:13","modified_gmt":"2025-03-20T17:15:13","slug":"raices-de-la-belleza","status":"publish","type":"post","link":"https:\/\/cl.artereciclada.com.br\/en_gb\/cultura\/raices-de-la-belleza\/","title":{"rendered":"Ra\u00edces de la Belleza: C\u00f3mo las Tradiciones Culturales Influyen en los Est\u00e1ndares de Belleza"},"content":{"rendered":"<p>La <strong>Ra\u00edces de la Belleza<\/strong> es un concepto que explora c\u00f3mo las tradiciones culturales, hist\u00f3ricas y sociales han moldeado y contin\u00faan influyendo en los est\u00e1ndares de belleza a lo largo del tiempo. Desde rituales ancestrales hasta la moda contempor\u00e1nea, los valores y pr\u00e1cticas culturales han dejado una huella imborrable en la percepci\u00f3n de lo que es bello. En este art\u00edculo, profundizaremos en c\u00f3mo las diversas culturas han establecido sus propios c\u00e1nones est\u00e9ticos y c\u00f3mo estos influyen en nuestra visi\u00f3n global de la belleza en la actualidad.<\/p>\n\n\n\n<figure class=\"wp-block-image size-large\"><img fetchpriority=\"high\" decoding=\"async\" width=\"1024\" height=\"585\" src=\"https:\/\/cl.artereciclada.com.br\/wp-content\/uploads\/2025\/03\/DALL\u00b7E-2025-03-20-14.09.56-A-beautiful-and-diverse-scene-showcasing-how-cultural-traditions-influence-beauty-standards-around-the-world.-The-focus-is-on-women-from-various-cultu-1-1024x585.webp\" alt=\"\" class=\"wp-image-146\" srcset=\"https:\/\/cl.artereciclada.com.br\/wp-content\/uploads\/2025\/03\/DALL\u00b7E-2025-03-20-14.09.56-A-beautiful-and-diverse-scene-showcasing-how-cultural-traditions-influence-beauty-standards-around-the-world.-The-focus-is-on-women-from-various-cultu-1-1024x585.webp 1024w, https:\/\/cl.artereciclada.com.br\/wp-content\/uploads\/2025\/03\/DALL\u00b7E-2025-03-20-14.09.56-A-beautiful-and-diverse-scene-showcasing-how-cultural-traditions-influence-beauty-standards-around-the-world.-The-focus-is-on-women-from-various-cultu-1-300x171.webp 300w, https:\/\/cl.artereciclada.com.br\/wp-content\/uploads\/2025\/03\/DALL\u00b7E-2025-03-20-14.09.56-A-beautiful-and-diverse-scene-showcasing-how-cultural-traditions-influence-beauty-standards-around-the-world.-The-focus-is-on-women-from-various-cultu-1-768x439.webp 768w, https:\/\/cl.artereciclada.com.br\/wp-content\/uploads\/2025\/03\/DALL\u00b7E-2025-03-20-14.09.56-A-beautiful-and-diverse-scene-showcasing-how-cultural-traditions-influence-beauty-standards-around-the-world.-The-focus-is-on-women-from-various-cultu-1-1536x878.webp 1536w, https:\/\/cl.artereciclada.com.br\/wp-content\/uploads\/2025\/03\/DALL\u00b7E-2025-03-20-14.09.56-A-beautiful-and-diverse-scene-showcasing-how-cultural-traditions-influence-beauty-standards-around-the-world.-The-focus-is-on-women-from-various-cultu-1-18x10.webp 18w, https:\/\/cl.artereciclada.com.br\/wp-content\/uploads\/2025\/03\/DALL\u00b7E-2025-03-20-14.09.56-A-beautiful-and-diverse-scene-showcasing-how-cultural-traditions-influence-beauty-standards-around-the-world.-The-focus-is-on-women-from-various-cultu-1.webp 1792w\" sizes=\"(max-width: 1024px) 100vw, 1024px\" \/><\/figure>\n\n\n\n<div class=\"wp-block-rank-math-toc-block\" id=\"rank-math-toc\"><h2>\u00cdndice<\/h2><nav><ul><li class=\"\"><a href=\"#la-influencia-de-las-tradiciones-culturales-en-los-estandares-de-belleza\">La Influencia de las Tradiciones Culturales en los Est\u00e1ndares de Belleza<\/a><ul><li class=\"\"><a href=\"#1-origenes-historicos-y-simbologia\">1. Or\u00edgenes Hist\u00f3ricos y Simbolog\u00eda<\/a><\/li><li class=\"\"><a href=\"#2-diversidad-de-canales-culturales\">2. Diversidad de Canales Culturales<\/a><\/li><li class=\"\"><a href=\"#3-evolucion-y-adaptacion-de-los-estandares-de-belleza\">3. Evoluci\u00f3n y Adaptaci\u00f3n de los Est\u00e1ndares de Belleza<\/a><\/li><\/ul><\/li><li class=\"\"><a href=\"#como-las-tradiciones-culturales-moldean-la-belleza-actual\">C\u00f3mo las Tradiciones Culturales Moldean la Belleza Actual<\/a><ul><li class=\"\"><a href=\"#1-rituales-de-autocuidado-y-belleza-natural\">1. Rituales de Autocuidado y Belleza Natural<\/a><\/li><li class=\"\"><a href=\"#2-estetica-y-moda-una-fusion-de-tradicion-y-modernidad\">2. Est\u00e9tica y Moda: Una Fusi\u00f3n de Tradici\u00f3n y Modernidad<\/a><\/li><li class=\"\"><a href=\"#3-inclusion-y-diversidad-en-la-representacion\">3. Inclusi\u00f3n y Diversidad en la Representaci\u00f3n<\/a><\/li><\/ul><\/li><li class=\"\"><a href=\"#estrategias-para-incorporar-las-raices-de-la-belleza-en-tu-estilo-personal\">Estrategias para Incorporar las Ra\u00edces de la Belleza en tu Estilo Personal<\/a><ul><li class=\"\"><a href=\"#1-conoce-y-valora-tu-herencia-cultural\">1. Conoce y Valora tu Herencia Cultural<\/a><\/li><li class=\"\"><a href=\"#2-incorpora-elementos-artesanales\">2. Incorpora Elementos Artesanales<\/a><\/li><li class=\"\"><a href=\"#3-fusiona-lo-tradicional-con-lo-contemporaneo\">3. Fusiona lo Tradicional con lo Contempor\u00e1neo<\/a><\/li><li class=\"\"><a href=\"#4-educacion-y-autoexploracion\">4. Educaci\u00f3n y Autoexploraci\u00f3n<\/a><\/li><\/ul><\/li><li class=\"\"><a href=\"#conclusion\">Conclusi\u00f3n<\/a><\/li><\/ul><\/nav><\/div>\n\n\n\n<h2 class=\"wp-block-heading\" id=\"la-influencia-de-las-tradiciones-culturales-en-los-estandares-de-belleza\">La Influencia de las Tradiciones Culturales en los Est\u00e1ndares de Belleza<\/h2>\n\n\n\n<h3 class=\"wp-block-heading\" id=\"1-origenes-historicos-y-simbologia\">1. Or\u00edgenes Hist\u00f3ricos y Simbolog\u00eda<\/h3>\n\n\n\n<p>Las <strong>Ra\u00edces de la Belleza<\/strong> se pueden rastrear hasta tiempos inmemoriales, cuando las comunidades utilizaban elementos naturales y rituales para definir y embellecer el cuerpo humano. Estas pr\u00e1cticas no solo ten\u00edan un componente est\u00e9tico, sino que estaban cargadas de significados simb\u00f3licos y espirituales.<\/p>\n\n\n\n<ul class=\"wp-block-list\">\n<li><strong>Rituales y Ceremonias:<\/strong> En muchas culturas, la belleza estaba ligada a rituales de paso, festividades y celebraciones que marcaban la transici\u00f3n de la ni\u00f1ez a la adultez. Por ejemplo, en algunas tribus africanas, los adornos corporales y la pintura facial eran esenciales para simbolizar la madurez y la identidad.<\/li>\n\n\n\n<li><strong>Simbolismo Natural:<\/strong> Las civilizaciones antiguas utilizaban materiales naturales como arcilla, pigmentos vegetales y flores para crear dise\u00f1os en la piel. Estos elementos simbolizaban la conexi\u00f3n con la tierra, la fertilidad y la salud, estableciendo un est\u00e1ndar de belleza que iba m\u00e1s all\u00e1 de la apariencia f\u00edsica.<\/li>\n<\/ul>\n\n\n\n<h3 class=\"wp-block-heading\" id=\"2-diversidad-de-canales-culturales\">2. Diversidad de Canales Culturales<\/h3>\n\n\n\n<p>La <strong>Ra\u00edces de la Belleza<\/strong> se manifiestan de manera diversa en distintas partes del mundo. Cada cultura tiene su propio conjunto de ideales est\u00e9ticos, lo que enriquece la diversidad en la definici\u00f3n de belleza.<\/p>\n\n\n\n<ul class=\"wp-block-list\">\n<li><strong>Asia:<\/strong> En pa\u00edses como Jap\u00f3n y Corea, la belleza ha sido hist\u00f3ricamente asociada con la delicadeza y la armon\u00eda. El maquillaje tradicional, como el uso del geisha en Jap\u00f3n o el estilo \u00abglass skin\u00bb en Corea, enfatiza una piel impecable y luminosa, considerada sin\u00f3nimo de pureza y perfecci\u00f3n.<\/li>\n\n\n\n<li><strong>\u00c1frica:<\/strong> La belleza en muchas culturas africanas se basa en la expresividad y la conexi\u00f3n con la herencia ancestral. Los peinados elaborados, los trenzados y los adornos corporales son elementos fundamentales que comunican estatus, identidad y tradici\u00f3n.<\/li>\n\n\n\n<li><strong>Europa y Am\u00e9rica Latina:<\/strong> En estas regiones, la belleza ha estado influida por una amalgama de tradiciones ind\u00edgenas, coloniales y modernas. La moda y el arte han jugado un papel central, fusionando lo cl\u00e1sico con lo contempor\u00e1neo, lo que da lugar a una percepci\u00f3n de belleza rica en matices y diversidad.<\/li>\n<\/ul>\n\n\n\n<h3 class=\"wp-block-heading\" id=\"3-evolucion-y-adaptacion-de-los-estandares-de-belleza\">3. Evoluci\u00f3n y Adaptaci\u00f3n de los Est\u00e1ndares de Belleza<\/h3>\n\n\n\n<p>La <strong>Ra\u00edces de la Belleza<\/strong> no son est\u00e1ticas; evolucionan con el tiempo a medida que las sociedades cambian y se globalizan. Las tradiciones culturales se adaptan a nuevos contextos, y los est\u00e1ndares de belleza se transforman en respuesta a cambios sociales, econ\u00f3micos y tecnol\u00f3gicos.<\/p>\n\n\n\n<ul class=\"wp-block-list\">\n<li><strong>Globalizaci\u00f3n:<\/strong> La comunicaci\u00f3n global ha permitido que diferentes ideales est\u00e9ticos se mezclen. Por ejemplo, los rasgos asociados con la belleza asi\u00e1tica, como la piel clara y la delicadeza, han influido en la moda occidental, mientras que los elementos vibrantes y expresivos de la belleza africana est\u00e1n ganando reconocimiento a nivel internacional.<\/li>\n\n\n\n<li><strong>Medios de Comunicaci\u00f3n y Redes Sociales:<\/strong> Los medios de comunicaci\u00f3n y, especialmente, las redes sociales han acelerado la difusi\u00f3n de est\u00e1ndares de belleza, creando una intersecci\u00f3n entre lo local y lo global. La <strong>Ra\u00edces de la Belleza<\/strong> se ven hoy en d\u00eda en campa\u00f1as publicitarias, influencers y contenidos digitales que celebran la diversidad y la inclusi\u00f3n.<\/li>\n<\/ul>\n\n\n\n<h2 class=\"wp-block-heading\" id=\"como-las-tradiciones-culturales-moldean-la-belleza-actual\">C\u00f3mo las Tradiciones Culturales Moldean la Belleza Actual<\/h2>\n\n\n\n<h3 class=\"wp-block-heading\" id=\"1-rituales-de-autocuidado-y-belleza-natural\">1. <strong>Rituales de Autocuidado y Belleza Natural<\/strong><\/h3>\n\n\n\n<p>Muchas pr\u00e1cticas ancestrales siguen influyendo en las tendencias actuales del cuidado personal. El uso de ingredientes naturales y m\u00e9todos tradicionales de embellecimiento est\u00e1n resurgiendo como alternativas saludables y sostenibles.<\/p>\n\n\n\n<ul class=\"wp-block-list\">\n<li><strong>Ejemplo:<\/strong> El uso del aceite de arg\u00e1n en Marruecos o la aplicaci\u00f3n de mascarillas faciales a base de ingredientes naturales en India. Estas pr\u00e1cticas tradicionales han sido adaptadas y modernizadas, demostrando que las <strong>Ra\u00edces de la Belleza<\/strong> pueden ofrecer soluciones efectivas en el mundo contempor\u00e1neo.<\/li>\n<\/ul>\n\n\n\n<h3 class=\"wp-block-heading\" id=\"2-estetica-y-moda-una-fusion-de-tradicion-y-modernidad\">2. <strong>Est\u00e9tica y Moda: Una Fusi\u00f3n de Tradici\u00f3n y Modernidad<\/strong><\/h3>\n\n\n\n<p>La moda actual a menudo incorpora elementos de dise\u00f1o que rinden homenaje a las tradiciones culturales. Desde estampados y patrones hasta t\u00e9cnicas de bordado y corte, los dise\u00f1adores est\u00e1n integrando la <strong>Ra\u00edces de la Belleza<\/strong> en sus colecciones para crear piezas que son tanto modernas como atemporales.<\/p>\n\n\n\n<ul class=\"wp-block-list\">\n<li><strong>Ejemplo:<\/strong> Dise\u00f1adores que utilizan t\u00e9cnicas de tejido tradicionales combinadas con cortes modernos para crear ropa que celebra la herencia cultural mientras se adapta a las tendencias globales.<\/li>\n<\/ul>\n\n\n\n<h3 class=\"wp-block-heading\" id=\"3-inclusion-y-diversidad-en-la-representacion\">3. <strong>Inclusi\u00f3n y Diversidad en la Representaci\u00f3n<\/strong><\/h3>\n\n\n\n<p>Uno de los cambios m\u00e1s notables en los est\u00e1ndares de belleza actuales es la creciente inclusi\u00f3n y representaci\u00f3n de diversas culturas y etnias. Las <strong>Ra\u00edces de la Belleza<\/strong> se est\u00e1n revalorizando en un contexto global, donde se reconoce y celebra la variedad de formas y estilos que existen en todo el mundo.<\/p>\n\n\n\n<ul class=\"wp-block-list\">\n<li><strong>Ejemplo:<\/strong> Campa\u00f1as de belleza que presentan modelos de diferentes or\u00edgenes, mostrando que la belleza no tiene un \u00fanico est\u00e1ndar. Esta diversidad enriquece la industria y desaf\u00eda las nociones tradicionales de lo que es considerado bello.<\/li>\n<\/ul>\n\n\n\n<h2 class=\"wp-block-heading\" id=\"estrategias-para-incorporar-las-raices-de-la-belleza-en-tu-estilo-personal\">Estrategias para Incorporar las Ra\u00edces de la Belleza en tu Estilo Personal<\/h2>\n\n\n\n<h3 class=\"wp-block-heading\" id=\"1-conoce-y-valora-tu-herencia-cultural\">1. <strong>Conoce y Valora tu Herencia Cultural<\/strong><\/h3>\n\n\n\n<p>Para integrar las <strong>Ra\u00edces de la Belleza<\/strong> en tu estilo, es fundamental conocer y apreciar la herencia cultural de la que formas parte. Investiga sobre las tradiciones y pr\u00e1cticas est\u00e9ticas de tu cultura y descubre qu\u00e9 elementos puedes incorporar a tu imagen.<\/p>\n\n\n\n<ul class=\"wp-block-list\">\n<li><strong>Consejo:<\/strong> Explora t\u00e9cnicas tradicionales de maquillaje, peinados y vestimenta que resalten tu identidad cultural. Esto no solo enriquece tu estilo, sino que tambi\u00e9n te conecta con tus ra\u00edces y te diferencia en el mundo de la moda.<\/li>\n<\/ul>\n\n\n\n<h3 class=\"wp-block-heading\" id=\"2-incorpora-elementos-artesanales\">2. <strong>Incorpora Elementos Artesanales<\/strong><\/h3>\n\n\n\n<p>La artesan\u00eda es una parte integral de las <strong>Ra\u00edces de la Belleza<\/strong>. Prendas y accesorios que han sido elaborados a mano o que utilizan t\u00e9cnicas tradicionales pueden agregar un toque \u00fanico y aut\u00e9ntico a tu look.<\/p>\n\n\n\n<ul class=\"wp-block-list\">\n<li><strong>Consejo:<\/strong> Busca piezas de dise\u00f1adores locales o marcas que se inspiren en tradiciones artesanales. Los textiles bordados, los accesorios de cer\u00e1mica o la joyer\u00eda hecha a mano son excelentes ejemplos de c\u00f3mo la artesan\u00eda puede complementar tu estilo moderno.<\/li>\n<\/ul>\n\n\n\n<h3 class=\"wp-block-heading\" id=\"3-fusiona-lo-tradicional-con-lo-contemporaneo\">3. <strong>Fusiona lo Tradicional con lo Contempor\u00e1neo<\/strong><\/h3>\n\n\n\n<p>No se trata de adoptar un estilo completamente tradicional, sino de fusionar elementos culturales con tendencias modernas para crear una imagen equilibrada y actual. La <strong>Ra\u00edces de la Belleza<\/strong> pueden integrarse en un look contempor\u00e1neo a trav\u00e9s de la combinaci\u00f3n de piezas cl\u00e1sicas con accesorios modernos.<\/p>\n\n\n\n<ul class=\"wp-block-list\">\n<li><strong>Consejo:<\/strong> Combina prendas tradicionales, como una blusa bordada o una falda con estampados culturales, con piezas modernas como jeans o chaquetas minimalistas. Este equilibrio te permitir\u00e1 disfrutar de lo mejor de ambos mundos.<\/li>\n<\/ul>\n\n\n\n<h3 class=\"wp-block-heading\" id=\"4-educacion-y-autoexploracion\">4. <strong>Educaci\u00f3n y Autoexploraci\u00f3n<\/strong><\/h3>\n\n\n\n<p>La moda es un reflejo de la cultura y la sociedad, y entender las <strong>Ra\u00edces de la Belleza<\/strong> implica educarse y explorar diferentes tradiciones. Participa en eventos culturales, visita museos y lee sobre historia del arte y la moda para ampliar tu perspectiva y enriquecer tu estilo personal.<\/p>\n\n\n\n<ul class=\"wp-block-list\">\n<li><strong>Consejo:<\/strong> Integra tus descubrimientos culturales en tu guardarropa y en la forma en que te presentas. Esto no solo te ayudar\u00e1 a crear un estilo \u00fanico, sino que tambi\u00e9n te permitir\u00e1 comunicar una historia personal y aut\u00e9ntica.<\/li>\n<\/ul>\n\n\n\n<h2 class=\"wp-block-heading\" id=\"conclusion\">Conclusi\u00f3n<\/h2>\n\n\n\n<p>Las <strong>Ra\u00edces de la Belleza<\/strong> est\u00e1n profundamente entrelazadas con las tradiciones culturales que han definido los est\u00e1ndares est\u00e9ticos a lo largo de la historia. En la actualidad, estas ra\u00edces se revalorizan y se fusionan con tendencias modernas para crear una moda que celebra la diversidad, la inclusi\u00f3n y la autenticidad. Al integrar elementos tradicionales y artesanales en tu estilo, puedes construir una imagen que no solo sea elegante y moderna, sino que tambi\u00e9n refleje la riqueza de tu herencia cultural.<\/p>\n\n\n\n<p><strong>Para saber m\u00e1s sobre las Ra\u00edces de la Belleza y descubrir c\u00f3mo las tradiciones culturales pueden transformar tu estilo personal, visita nuestro sitio <a href=\"https:\/\/cl.artereciclada.com.br\/en_gb\/\">cl.artereciclada.com.br<\/a>.<\/strong><\/p>\n\n\n\n<p><strong><a href=\"https:\/\/www.youtube.com\/shorts\/Pxz37hKFyjE\" target=\"_blank\" rel=\"noopener\">V\u00eddeo Sugerido<\/a><\/strong><\/p>","protected":false},"excerpt":{"rendered":"<p>La Ra\u00edces de la Belleza es un concepto que explora c\u00f3mo las tradiciones culturales, hist\u00f3ricas y sociales han moldeado y contin\u00faan influyendo en los est\u00e1ndares de belleza a lo largo del tiempo. Desde rituales ancestrales hasta la moda contempor\u00e1nea, los valores y pr\u00e1cticas culturales han dejado una huella imborrable en la percepci\u00f3n de lo que [&hellip;]<\/p>","protected":false},"author":4,"featured_media":146,"comment_status":"open","ping_status":"open","sticky":false,"template":"","format":"standard","meta":{"footnotes":""},"categories":[7],"tags":[],"class_list":["post-145","post","type-post","status-publish","format-standard","has-post-thumbnail","hentry","category-cultura"],"blocksy_meta":[],"_links":{"self":[{"href":"https:\/\/cl.artereciclada.com.br\/en_gb\/wp-json\/wp\/v2\/posts\/145","targetHints":{"allow":["GET"]}}],"collection":[{"href":"https:\/\/cl.artereciclada.com.br\/en_gb\/wp-json\/wp\/v2\/posts"}],"about":[{"href":"https:\/\/cl.artereciclada.com.br\/en_gb\/wp-json\/wp\/v2\/types\/post"}],"author":[{"embeddable":true,"href":"https:\/\/cl.artereciclada.com.br\/en_gb\/wp-json\/wp\/v2\/users\/4"}],"replies":[{"embeddable":true,"href":"https:\/\/cl.artereciclada.com.br\/en_gb\/wp-json\/wp\/v2\/comments?post=145"}],"version-history":[{"count":1,"href":"https:\/\/cl.artereciclada.com.br\/en_gb\/wp-json\/wp\/v2\/posts\/145\/revisions"}],"predecessor-version":[{"id":147,"href":"https:\/\/cl.artereciclada.com.br\/en_gb\/wp-json\/wp\/v2\/posts\/145\/revisions\/147"}],"wp:featuredmedia":[{"embeddable":true,"href":"https:\/\/cl.artereciclada.com.br\/en_gb\/wp-json\/wp\/v2\/media\/146"}],"wp:attachment":[{"href":"https:\/\/cl.artereciclada.com.br\/en_gb\/wp-json\/wp\/v2\/media?parent=145"}],"wp:term":[{"taxonomy":"category","embeddable":true,"href":"https:\/\/cl.artereciclada.com.br\/en_gb\/wp-json\/wp\/v2\/categories?post=145"},{"taxonomy":"post_tag","embeddable":true,"href":"https:\/\/cl.artereciclada.com.br\/en_gb\/wp-json\/wp\/v2\/tags?post=145"}],"curies":[{"name":"wp","href":"https:\/\/api.w.org\/{rel}","templated":true}]}}